{"id":18989,"date":"2025-05-07T12:52:39","date_gmt":"2025-05-07T09:52:39","guid":{"rendered":"https:\/\/turuntaidehalli.fi\/?p=18989"},"modified":"2025-06-19T13:44:35","modified_gmt":"2025-06-19T10:44:35","slug":"oscar-eriksson-furunes-reliefs-9-5-15-6-2025","status":"publish","type":"post","link":"https:\/\/turuntaidehalli.fi\/sv\/oscar-eriksson-furunes-reliefs-9-5-15-6-2025\/","title":{"rendered":"Oscar Eriksson Furunes: Reliefs* 9.5.\u201315.6.2025"},"content":{"rendered":"<p class=\"preFade fadeIn\"><strong>V\u00e4lkommen p\u00e5 vernissage p\u00e5 torsdagen den 8. Maj kl. 17.00\u201319.00!<\/strong><\/p>\n<p class=\"preFade fadeIn\"><strong>Guidad visning p\u00e5 l\u00f6rdagen den 14. Juni kl. 13.00.<\/strong><\/p>\n<p class=\"preFade fadeIn\">Begreppet <em>relief<\/em> h\u00e4rstammar fr\u00e5n det latinska verbet <em>relevare<\/em>, som betyder &#8221;att lyfta&#8221; eller &#8221;att \u00e5terupph\u00f6ja&#8221;. P\u00e5 liknande s\u00e4tt lyfter verken i denna utst\u00e4llning fram fotografiskt material fr\u00e5n offentliga och privata queerarkiv. Relief p\u00e5 engelska beskriver ocks\u00e5 en k\u00e4nsla av l\u00e4ttnad, fr\u00e5n k\u00e4nslor eller b\u00f6rdor som tynger.<\/p>\n<p class=\"preFade fadeIn\">Verken \u00e4r fotografiska, men \u00e4r inte fotografier eller bilder i sig sj\u00e4lva. Som reliefverk utforskar och inverterar de id\u00e9n om den skulpterade bildytan, och skapar djup och rymd genom ljus, f\u00e4rg och skuggor. De anv\u00e4nda pigmenten p\u00e5verkar gjutsk\u00e4rmarnas transparens och transformerar samtidigt det fotografiska materialet, genom att framh\u00e4va de nyanser och st\u00e4mningar som redan existerar i de ursprungliga bilderna. Sk\u00e4rmarna skyddar de avbildade fr\u00e5n full synlighet och \u00f6verblick, samtidigt som verken pendlar mellan abstraktion, figuration och narration. Denna r\u00f6relse i perceptionen tycks t\u00e4nja fotografiernas tid och rum in i nuet.<\/p>\n<p class=\"preFade fadeIn\">Att m\u00f6ta ett fotografi i ett arkiv eller ett galleri kan ibland k\u00e4nnas djupt ber\u00f6rande \u2013 bilden talar till betraktaren. Roland Barthes beskriver detta fenomenet som <em>punctum<\/em>, det som ligger utanf\u00f6r studium och som &#8221;genomborrar och s\u00e5rar&#8221; betraktaren (<em>Camera Lucida: Reflections on Photography<\/em>, 1980). Det h\u00e4nger ocks\u00e5 samman med den tidslighet som fotografiet avsl\u00f6jar. Vid m\u00f6tet med utst\u00e4llningens verk kan betraktaren erfara hur det tar tid att avl\u00e4sa de underliggande bilderna \u2013 hur de gradvis framtr\u00e4der, \u00f6verlappar och hur &#8221;det som \u00e4r utel\u00e4mnat&#8221; b\u00f6rjar tala.<\/p>\n<p class=\"preFade fadeIn\">Bildmaterialet h\u00e4rstammar fr\u00e5n LGBTIQ+-avdelningen i Werstas arkiv i Tammerfors, ett privat arkiv i Helsingfors samt IHLIA-arkivet i Amsterdam. Asterisken * i utst\u00e4llningens titel h\u00e4nvisar till att det underliggande fotografiska materialet \u00e4r historiskt. Att arbeta med k\u00e4nsligt arkivmaterial kr\u00e4ver ett s\u00e4rskilt ansvarstagande och v\u00e4cker fr\u00e5gor s\u00e5som: vem har r\u00e4tt att arbeta med materialet? N\u00e5got enkelt svar finns inte. Konstn\u00e4rliga interventioner i queerarkiv kan ses som ett s\u00e4tt att skapa dialog med det historiska materialet genom konstn\u00e4rlig sensibilitet.<\/p>\n<p class=\"preFade fadeIn\">Oscar Eriksson Furunes skapar rumsliga installationer som reflekterar \u00f6ver relationer till queera f\u00f6rflutna, nutider och framtider. \u00c5r 2024 tilldelades han H\u00f8stutstillingsprisen f\u00f6r installationen <em>night watch<\/em> p\u00e5 Kunstnernes Hus i Oslo. Ett annat verk, <em>light blue<\/em>, har nyligen visats i en utst\u00e4llning vid namn <em>Setting the Tone of the Exhibition p\u00e5 Malm\u00f6 Konstmuseum<\/em>, kurerad av Jacob Fabricius. Oscars partner, Juho Antti Eerola, \u00e4r en viktig del av och st\u00f6d i genomf\u00f6randet av b\u00e5de de st\u00f6rre installationerna och denna utst\u00e4llning.<\/p>\n<p class=\"preFade fadeIn\"><a href=\"https:\/\/www.oscarerikssonfurunes.com\/\">www.oscarerikssonfurunes.com<\/a><\/p>\n","protected":false},"excerpt":{"rendered":"<p>V\u00e4lkommen p\u00e5 vernissage p\u00e5 torsdagen den 8. Maj kl. 17.00\u201319.00! Guidad visning p\u00e5 l\u00f6rdagen den 14. Juni kl. 13.00. Begreppet relief h\u00e4rstammar fr\u00e5n det latinska verbet relevare, som betyder &#8221;att lyfta&#8221; eller &#8221;att \u00e5terupph\u00f6ja&#8221;. P\u00e5 liknande s\u00e4tt lyfter verken i denna utst\u00e4llning fram fotografiskt material fr\u00e5n offentliga och privata queerarkiv. Relief p\u00e5 engelska beskriver ocks\u00e5 [&hellip;]<\/p>\n","protected":false},"author":5,"featured_media":18986,"comment_status":"closed","ping_status":"closed","sticky":false,"template":"","format":"standard","meta":{"spay_email":"","jetpack_publicize_message":"","jetpack_is_tweetstorm":false},"categories":[163],"tags":[191,121,603],"jetpack_featured_media_url":"https:\/\/turuntaidehalli.fi\/wp-content\/uploads\/2025\/05\/Oscar-Eriksson-Furunes-blue-2024_pieni.jpg","jetpack_publicize_connections":[],"jetpack_shortlink":"https:\/\/wp.me\/paOqsS-4Wh","_links":{"self":[{"href":"https:\/\/turuntaidehalli.fi\/sv\/wp-json\/wp\/v2\/posts\/18989"}],"collection":[{"href":"https:\/\/turuntaidehalli.fi\/sv\/wp-json\/wp\/v2\/posts"}],"about":[{"href":"https:\/\/turuntaidehalli.fi\/sv\/wp-json\/wp\/v2\/types\/post"}],"author":[{"embeddable":true,"href":"https:\/\/turuntaidehalli.fi\/sv\/wp-json\/wp\/v2\/users\/5"}],"replies":[{"embeddable":true,"href":"https:\/\/turuntaidehalli.fi\/sv\/wp-json\/wp\/v2\/comments?post=18989"}],"version-history":[{"count":3,"href":"https:\/\/turuntaidehalli.fi\/sv\/wp-json\/wp\/v2\/posts\/18989\/revisions"}],"predecessor-version":[{"id":19060,"href":"https:\/\/turuntaidehalli.fi\/sv\/wp-json\/wp\/v2\/posts\/18989\/revisions\/19060"}],"wp:featuredmedia":[{"embeddable":true,"href":"https:\/\/turuntaidehalli.fi\/sv\/wp-json\/wp\/v2\/media\/18986"}],"wp:attachment":[{"href":"https:\/\/turuntaidehalli.fi\/sv\/wp-json\/wp\/v2\/media?parent=18989"}],"wp:term":[{"taxonomy":"category","embeddable":true,"href":"https:\/\/turuntaidehalli.fi\/sv\/wp-json\/wp\/v2\/categories?post=18989"},{"taxonomy":"post_tag","embeddable":true,"href":"https:\/\/turuntaidehalli.fi\/sv\/wp-json\/wp\/v2\/tags?post=18989"}],"curies":[{"name":"wp","href":"https:\/\/api.w.org\/{rel}","templated":true}]}}